{"id":1170,"date":"2020-06-18T22:11:12","date_gmt":"2020-06-18T19:11:12","guid":{"rendered":"https:\/\/turunpuut.fi\/?p=1170"},"modified":"2022-05-14T23:48:58","modified_gmt":"2022-05-14T20:48:58","slug":"pylvaspyokki","status":"publish","type":"post","link":"https:\/\/turunpuut.fi\/en\/fagus\/fagus-sylvatica-dawyck\/1170\/","title":{"rendered":"Fastigiate beech 'Dawyck'"},"content":{"rendered":"<p>Kupittaankent\u00e4lle istutettiin vuonna 2020-21 pylv\u00e4spy\u00f6kin taimia kolme kappaletta.<\/p>\n\n\n\n<div class=\"wp-block-columns turun-opaskartta-laji\">\n<div class=\"wp-block-column\" style=\"flex-basis:auto\">\n<p>Turun opaskartta, lajinm\u00e4\u00e4ritys<\/p>\n<\/div>\n\n\n\n<div class=\"wp-block-column is-vertically-aligned-center\" style=\"flex-basis:auto\">\n<p>14.5.2022: Fagus sylvatica &#8217;Dawyck&#8217;<\/p>\n<\/div>\n<\/div>\n\n\n<div class=\"sgdg-gallery-container\" data-sgdg-hash=\"50d23de86ecf3f91e98ca22d6a3f4100eb1355951af87b4196c080ccdde32743\"><div class=\"sgdg-loading\"><div><\/div><\/div><\/div>\n\n\n<p>Pylv\u00e4spy\u00f6kki &#8217;Dawyck\u2019 on lehtopy\u00f6kin lajike, jolla on pylv\u00e4sm\u00e4inen muoto. Se on l\u00f6ydetty alunperin Skotlannin mets\u00e4st\u00e4 1800-luvun alkupuoliskolla. Puu siirrettiin mets\u00e4nomistajan p\u00e4\u00e4rakennuksen l\u00e4helle, jossa se kasvaa yh\u00e4 t\u00e4n\u00e4 p\u00e4iv\u00e4n\u00e4. Puun latvus on hyvin kapea varsinkin nuorena. Py\u00f6kist\u00e4 on olemassa my\u00f6s muita pylv\u00e4sm\u00e4isi\u00e4 lajikkeita, mutta &#8217;Dawyck&#8217; on niist\u00e4 selv\u00e4sti yleisin.<\/p>\n\n\n\n<p>Alkuper\u00e4: Skotlanti<br>Koko: 10-20m<\/p>\n\n\n\n<h4>References:<\/h4>\n\n\n\n<p>Trees and Shrubs Online: Fagus Sylvatica L. <a href=\"https:\/\/treesandshrubsonline.org\/articles\/fagus\/fagus-sylvatica\/\">https:\/\/treesandshrubsonline.org\/articles\/fagus\/fagus-sylvatica\/<\/a>. Viitattu 18.6.2020.<\/p>","protected":false},"excerpt":{"rendered":"<p>Kupittaankent\u00e4lle istutettiin vuonna 2020-21 pylv\u00e4spy\u00f6kin taimia kolme kappaletta. 14.5.2022: Fagus sylvatica &#8217;Dawyck&#8217;<\/p>","protected":false},"author":2,"featured_media":1173,"comment_status":"open","ping_status":"open","sticky":false,"template":"","format":"standard","meta":[],"categories":[204],"tags":[11],"_links":{"self":[{"href":"https:\/\/turunpuut.fi\/en\/wp-json\/wp\/v2\/posts\/1170"}],"collection":[{"href":"https:\/\/turunpuut.fi\/en\/wp-json\/wp\/v2\/posts"}],"about":[{"href":"https:\/\/turunpuut.fi\/en\/wp-json\/wp\/v2\/types\/post"}],"author":[{"embeddable":true,"href":"https:\/\/turunpuut.fi\/en\/wp-json\/wp\/v2\/users\/2"}],"replies":[{"embeddable":true,"href":"https:\/\/turunpuut.fi\/en\/wp-json\/wp\/v2\/comments?post=1170"}],"version-history":[{"count":3,"href":"https:\/\/turunpuut.fi\/en\/wp-json\/wp\/v2\/posts\/1170\/revisions"}],"predecessor-version":[{"id":3338,"href":"https:\/\/turunpuut.fi\/en\/wp-json\/wp\/v2\/posts\/1170\/revisions\/3338"}],"wp:featuredmedia":[{"embeddable":true,"href":"https:\/\/turunpuut.fi\/en\/wp-json\/wp\/v2\/media\/1173"}],"wp:attachment":[{"href":"https:\/\/turunpuut.fi\/en\/wp-json\/wp\/v2\/media?parent=1170"}],"wp:term":[{"taxonomy":"category","embeddable":true,"href":"https:\/\/turunpuut.fi\/en\/wp-json\/wp\/v2\/categories?post=1170"},{"taxonomy":"post_tag","embeddable":true,"href":"https:\/\/turunpuut.fi\/en\/wp-json\/wp\/v2\/tags?post=1170"}],"curies":[{"name":"wp","href":"https:\/\/api.w.org\/{rel}","templated":true}]}}