{"id":1237,"date":"2020-06-24T19:34:07","date_gmt":"2020-06-24T16:34:07","guid":{"rendered":"https:\/\/turunpuut.fi\/?p=1237"},"modified":"2022-05-20T17:49:02","modified_gmt":"2022-05-20T14:49:02","slug":"imelakirsikka-3","status":"publish","type":"post","link":"https:\/\/turunpuut.fi\/en\/prunus\/prunus-avium\/1237\/","title":{"rendered":"Wild cherry"},"content":{"rendered":"<p>Seikkailupuistossa kasvaa varmaankin yksi Turun suurimmista imel\u00e4kirsikoista. Se on hyvin korkea ja paksurunkoinen.<\/p>\n\n\n\n<div class=\"wp-block-columns turun-opaskartta-laji\">\n<div class=\"wp-block-column\" style=\"flex-basis:auto\">\n<p>Turun opaskartta, lajinm\u00e4\u00e4ritys<\/p>\n<\/div>\n\n\n\n<div class=\"wp-block-column is-vertically-aligned-center\" style=\"flex-basis:auto\">\n<p>20.5.2022: Prunus avium<\/p>\n<\/div>\n<\/div>\n\n\n<div class=\"sgdg-gallery-container\" data-sgdg-hash=\"daa360065d30d28fc3cc973a0cb3892aca4474b42c6d7fa434994aa807ff78ad\"><div class=\"sgdg-loading\"><div><\/div><\/div><\/div>\n\n\n<p>My\u00f6s Pyh\u00e4n Henrikin aukion reunalle on istutettu nuoria imel\u00e4kirsikoita.<\/p>\n\n\n<div class=\"sgdg-gallery-container\" data-sgdg-hash=\"2e374a4777dc48b905cc3cebebeeaee50f8a7a61de767ba835b9e4a5112d8440\"><div class=\"sgdg-loading\"><div><\/div><\/div><\/div>\n\n\n<p>Imel\u00e4kirsikkaa ja sen lajikkeita k\u00e4ytet\u00e4\u00e4n sy\u00f6t\u00e4vien kirsikoiden tuotantoon kaikista yleisimmin. Lajia on viljelty jo tuhansien vuosien ajan. Se kasvaa luontaisesti Suomen etel\u00e4puolisessa Euroopassa.<\/p>\n\n\n\n<p>Imel\u00e4kirsikalla on valkoiset kukat ja tummanpunaiset hedelm\u00e4t. Lehdet ovat nuorina kuparins\u00e4vyisi\u00e4, toisin kuin hapankirsikalla (P. cerasus), jolla ne ovat vihreit\u00e4. Imel\u00e4kirsikan lehdet ovat my\u00f6s isompia (8-15cm).<\/p>\n\n\n\n<p>Turussa&nbsp; imel\u00e4kirsikkaa kasvaa esimerkiksi jokirannassa.<\/p>\n\n\n\n<p>Alkuper\u00e4: Eurooppa ja L\u00e4nsi-Aasia<br>Koko: 5-10m<\/p>\n\n\n\n<h4>References:<\/h4>\n\n\n\n<p>Wikipedia: Imel\u00e4kirsikka. <a href=\"https:\/\/fi.wikipedia.org\/wiki\/Imel%C3%A4kirsikka\">https:\/\/fi.wikipedia.org\/wiki\/Imel%C3%A4kirsikka<\/a>. Viitattu 21.5.2020.<\/p>","protected":false},"excerpt":{"rendered":"<p>Seikkailupuistossa kasvaa varmaankin yksi Turun suurimmista imel\u00e4kirsikoista. Se on hyvin korkea ja paksurunkoinen. 20.5.2022: Prunus avium My\u00f6s Pyh\u00e4n Henrikin aukion reunalle on istutettu nuoria imel\u00e4kirsikoita.<\/p>","protected":false},"author":2,"featured_media":1240,"comment_status":"open","ping_status":"open","sticky":false,"template":"","format":"standard","meta":[],"categories":[197],"tags":[11],"_links":{"self":[{"href":"https:\/\/turunpuut.fi\/en\/wp-json\/wp\/v2\/posts\/1237"}],"collection":[{"href":"https:\/\/turunpuut.fi\/en\/wp-json\/wp\/v2\/posts"}],"about":[{"href":"https:\/\/turunpuut.fi\/en\/wp-json\/wp\/v2\/types\/post"}],"author":[{"embeddable":true,"href":"https:\/\/turunpuut.fi\/en\/wp-json\/wp\/v2\/users\/2"}],"replies":[{"embeddable":true,"href":"https:\/\/turunpuut.fi\/en\/wp-json\/wp\/v2\/comments?post=1237"}],"version-history":[{"count":3,"href":"https:\/\/turunpuut.fi\/en\/wp-json\/wp\/v2\/posts\/1237\/revisions"}],"predecessor-version":[{"id":3367,"href":"https:\/\/turunpuut.fi\/en\/wp-json\/wp\/v2\/posts\/1237\/revisions\/3367"}],"wp:featuredmedia":[{"embeddable":true,"href":"https:\/\/turunpuut.fi\/en\/wp-json\/wp\/v2\/media\/1240"}],"wp:attachment":[{"href":"https:\/\/turunpuut.fi\/en\/wp-json\/wp\/v2\/media?parent=1237"}],"wp:term":[{"taxonomy":"category","embeddable":true,"href":"https:\/\/turunpuut.fi\/en\/wp-json\/wp\/v2\/categories?post=1237"},{"taxonomy":"post_tag","embeddable":true,"href":"https:\/\/turunpuut.fi\/en\/wp-json\/wp\/v2\/tags?post=1237"}],"curies":[{"name":"wp","href":"https:\/\/api.w.org\/{rel}","templated":true}]}}