{"id":1549,"date":"2020-07-12T22:09:26","date_gmt":"2020-07-12T19:09:26","guid":{"rendered":"https:\/\/turunpuut.fi\/?p=1549"},"modified":"2021-05-02T17:10:46","modified_gmt":"2021-05-02T14:10:46","slug":"sateenvarjojalava-4","status":"publish","type":"post","link":"https:\/\/turunpuut.fi\/en\/ulmus\/ulmus-glabra-camperdownii\/1549\/","title":{"rendered":"Camperdown elm"},"content":{"rendered":"<p>Samppalinnan koulun edess\u00e4 kasvaa komea sateenvarjojalava.<\/p>\n\n\n\n<p>Sen ymp\u00e4rysmitta rinnankorkeudelta on 100cm ja korkeus 5m. Mittausp\u00e4iv\u00e4 27.3.2021.<\/p>\n\n\n<div class=\"sgdg-gallery-container\" data-sgdg-hash=\"fa48e5720f615e47c79670ae47fcb081d1e54e85a4c49b9a0945b49cca8180e7\"><div class=\"sgdg-loading\"><div><\/div><\/div><\/div>\n\n\n<p>Sateenvarjojalava on kotoisen vuorijalavan riippuvaoksainen muoto. Alkuper\u00e4inen muunnos l\u00f6ytyi vuosien 1835-40 v\u00e4lill\u00e4 Camperdownin mets\u00e4st\u00e4, Skotlannista. Tuo puu on ilmeisesti edelleen olemassa, ja kaikki nykyiset sateenvarjojalavat ovat ovat suoraan sen j\u00e4lkel\u00e4isi\u00e4. Puut vartetaan yleens\u00e4 vuorijalavan runkoon.<\/p>\n\n\n\n<p>Sateenvarjojalava kasvattaa leve\u00e4n ja tasaisen latvan, josta oksat riippuvat kohtisuoraan maahan. Latvuksen huipulle kasvaa yleens\u00e4 my\u00f6s oksista s\u00e4kk\u00e4r\u00e4n\u00e4 kasvava \u201dp\u00e4\u00e4\u201d, jonka huomaa vain talvisin, kun lehdet ovat pudonneet.<\/p>\n\n\n\n<p>Sateenvarjojalavia l\u00f6ytyy ymp\u00e4ri Turkua. Esimerksi Brahen- ja Barkerinpuistosta. N\u00e4ytt\u00e4v\u00e4 puu on my\u00f6s Sirkkalankatu 14:n pihalla.<\/p>\n\n\n\n<p>Alkuper\u00e4: Skotlanti<br>Koko: 3-5m<\/p>\n\n\n\n<h4>References:<\/h4>\n\n\n\n<p>Wikipedia: Ulmus glabra &#8217;Camperdownii&#8217;. <a href=\"https:\/\/en.wikipedia.org\/wiki\/Ulmus_glabra_%27Camperdownii%27\">https:\/\/en.wikipedia.org\/wiki\/Ulmus_glabra_%27Camperdownii%27<\/a>. Viitattu 13.5.2020.<\/p>","protected":false},"excerpt":{"rendered":"<p>Samppalinnan koulun edess\u00e4 kasvaa komea sateenvarjojalava. Sen ymp\u00e4rysmitta rinnankorkeudelta on 100cm ja korkeus 5m. Mittausp\u00e4iv\u00e4 27.3.2021.<\/p>","protected":false},"author":2,"featured_media":1552,"comment_status":"open","ping_status":"open","sticky":false,"template":"","format":"standard","meta":[],"categories":[189],"tags":[11],"_links":{"self":[{"href":"https:\/\/turunpuut.fi\/en\/wp-json\/wp\/v2\/posts\/1549"}],"collection":[{"href":"https:\/\/turunpuut.fi\/en\/wp-json\/wp\/v2\/posts"}],"about":[{"href":"https:\/\/turunpuut.fi\/en\/wp-json\/wp\/v2\/types\/post"}],"author":[{"embeddable":true,"href":"https:\/\/turunpuut.fi\/en\/wp-json\/wp\/v2\/users\/2"}],"replies":[{"embeddable":true,"href":"https:\/\/turunpuut.fi\/en\/wp-json\/wp\/v2\/comments?post=1549"}],"version-history":[{"count":4,"href":"https:\/\/turunpuut.fi\/en\/wp-json\/wp\/v2\/posts\/1549\/revisions"}],"predecessor-version":[{"id":2799,"href":"https:\/\/turunpuut.fi\/en\/wp-json\/wp\/v2\/posts\/1549\/revisions\/2799"}],"wp:featuredmedia":[{"embeddable":true,"href":"https:\/\/turunpuut.fi\/en\/wp-json\/wp\/v2\/media\/1552"}],"wp:attachment":[{"href":"https:\/\/turunpuut.fi\/en\/wp-json\/wp\/v2\/media?parent=1549"}],"wp:term":[{"taxonomy":"category","embeddable":true,"href":"https:\/\/turunpuut.fi\/en\/wp-json\/wp\/v2\/categories?post=1549"},{"taxonomy":"post_tag","embeddable":true,"href":"https:\/\/turunpuut.fi\/en\/wp-json\/wp\/v2\/tags?post=1549"}],"curies":[{"name":"wp","href":"https:\/\/api.w.org\/{rel}","templated":true}]}}