{"id":1941,"date":"2020-09-03T18:14:13","date_gmt":"2020-09-03T15:14:13","guid":{"rendered":"https:\/\/turunpuut.fi\/?p=1941"},"modified":"2022-07-09T14:06:31","modified_gmt":"2022-07-09T11:06:31","slug":"kartiotammi-2","status":"publish","type":"post","link":"https:\/\/turunpuut.fi\/en\/quercus\/quercus-robur-fastigiata\/1941\/","title":{"rendered":"Cypress oak"},"content":{"rendered":"<p>Linnanpuistossa kasvaa vanha kartiotammi sek\u00e4 vieress\u00e4\u00e4n nuori taimi.<\/p>\n\n\n\n<p>Vanhemman ymp\u00e4rysmitta rinnankorkeudelta noin 180cm ja korkeus 16m. Mittausp\u00e4iv\u00e4 27.8.2020.<\/p>\n\n\n\n<div class=\"wp-block-columns turun-opaskartta-laji\">\n<div class=\"wp-block-column\" style=\"flex-basis:auto\">\n<p>Turun opaskartta, lajinm\u00e4\u00e4ritys<\/p>\n<\/div>\n\n\n\n<div class=\"wp-block-column is-vertically-aligned-center\" style=\"flex-basis:auto\">\n<p>9.7.2022: Quercus robur &#8217;Fastigiata&#8217;<\/p>\n<\/div>\n<\/div>\n\n\n<div class=\"sgdg-gallery-container\" data-sgdg-hash=\"77163dddefcdfadd3c248deaaafc8aa8ed1b33ae81a22440a63d0995e5d67fed\"><div class=\"sgdg-loading\"><div><\/div><\/div><\/div>\n\n\n<p>Kartiotammi on kotoisen mets\u00e4tammen pylv\u00e4smuotoinen lajike. Muoto l\u00f6ydettiin alunperin 1600-luvulla Harreshausenista, Saksasta. Tuo alkuper\u00e4inen puu on edelleen olemassa.<\/p>\n\n\n\n<p>Nykyiset pylv\u00e4smuotoiset tammet ovat ilmeisesti  joko vartteita tuosta puusta tai sen siemenist\u00e4 per\u00e4isin. Muoto s\u00e4ilyy vaihtelevasti my\u00f6s siemenj\u00e4lkel\u00e4isiss\u00e4.<\/p>\n\n\n\n<p>Turussa kartiotammia kasvaa esimerkiksi Kupittaanpuistossa ja Linnanpuistossa.<\/p>\n\n\n\n<p>Alkuper\u00e4: Saksa<br>Koko: 10-15m<\/p>\n\n\n\n<h4>References:<\/h4>\n\n\n\n<p>Wikipedia: Sch\u00f6ne Eiche (Harreshausen). <a href=\"https:\/\/de.wikipedia.org\/wiki\/Sch%C3%B6ne_Eiche_(Harreshausen)\">https:\/\/de.wikipedia.org\/wiki\/Sch\u00f6ne_Eiche_(Harreshausen)<\/a>. Viitattu 18.4.2020.<\/p>","protected":false},"excerpt":{"rendered":"<p>Linnanpuistossa kasvaa vanha kartiotammi sek\u00e4 vieress\u00e4\u00e4n nuori taimi. Vanhemman ymp\u00e4rysmitta rinnankorkeudelta noin 180cm ja korkeus 16m. Mittausp\u00e4iv\u00e4 27.8.2020. 9.7.2022: Quercus robur &#8217;Fastigiata&#8217;<\/p>","protected":false},"author":2,"featured_media":1945,"comment_status":"open","ping_status":"open","sticky":false,"template":"","format":"standard","meta":[],"categories":[6],"tags":[11],"_links":{"self":[{"href":"https:\/\/turunpuut.fi\/en\/wp-json\/wp\/v2\/posts\/1941"}],"collection":[{"href":"https:\/\/turunpuut.fi\/en\/wp-json\/wp\/v2\/posts"}],"about":[{"href":"https:\/\/turunpuut.fi\/en\/wp-json\/wp\/v2\/types\/post"}],"author":[{"embeddable":true,"href":"https:\/\/turunpuut.fi\/en\/wp-json\/wp\/v2\/users\/2"}],"replies":[{"embeddable":true,"href":"https:\/\/turunpuut.fi\/en\/wp-json\/wp\/v2\/comments?post=1941"}],"version-history":[{"count":4,"href":"https:\/\/turunpuut.fi\/en\/wp-json\/wp\/v2\/posts\/1941\/revisions"}],"predecessor-version":[{"id":3500,"href":"https:\/\/turunpuut.fi\/en\/wp-json\/wp\/v2\/posts\/1941\/revisions\/3500"}],"wp:featuredmedia":[{"embeddable":true,"href":"https:\/\/turunpuut.fi\/en\/wp-json\/wp\/v2\/media\/1945"}],"wp:attachment":[{"href":"https:\/\/turunpuut.fi\/en\/wp-json\/wp\/v2\/media?parent=1941"}],"wp:term":[{"taxonomy":"category","embeddable":true,"href":"https:\/\/turunpuut.fi\/en\/wp-json\/wp\/v2\/categories?post=1941"},{"taxonomy":"post_tag","embeddable":true,"href":"https:\/\/turunpuut.fi\/en\/wp-json\/wp\/v2\/tags?post=1941"}],"curies":[{"name":"wp","href":"https:\/\/api.w.org\/{rel}","templated":true}]}}