{"id":2652,"date":"2021-04-07T22:25:16","date_gmt":"2021-04-07T19:25:16","guid":{"rendered":"https:\/\/turunpuut.fi\/?p=2652"},"modified":"2023-01-14T13:44:49","modified_gmt":"2023-01-14T11:44:49","slug":"metsalehmus","status":"publish","type":"post","link":"https:\/\/turunpuut.fi\/en\/tilia\/tilia-cordata\/2652\/","title":{"rendered":"Mets\u00e4lehmus"},"content":{"rendered":"<p>Uudenmaantien varressa, Tuomikujan l\u00e4hettyvill\u00e4 kasvaa useita vanhoja mets\u00e4lehmuksia. Ne lienev\u00e4t istutettu Uudenmaankadun puukujanteen istutuksen yhteydess\u00e4 vuonna 1882.<\/p>\n\n\n\n<p>Puut ovat kaikki rinnanymp\u00e4rysmitaltaan kahden ja puolen metrin luokkaa. Paksuimman ollessa 263cm ja korkeudeltaan 20m. Sijainti Tuomikujan etel\u00e4puolella. Mittausp\u00e4iv\u00e4 14.3.2021.<\/p>\n\n\n\n<h3>L\u00e4hde:<\/h3>\n\n\n\n<p>Turun kaupunki 2011: Turun vanhimmat puistot. <a href=\"https:\/\/www.turku.fi\/sites\/default\/files\/atoms\/files\/\/turun_vanhimmat_puistot.pdf\">https:\/\/www.turku.fi\/sites\/default\/files\/atoms\/files\/\/turun_vanhimmat_puistot.pdf<\/a>. Turku.<\/p>\n\n\n\n<div class=\"wp-block-columns turun-opaskartta-laji\">\n<div class=\"wp-block-column\" style=\"flex-basis:auto\">\n<p>Turun opaskartta, lajinm\u00e4\u00e4ritys<\/p>\n<\/div>\n\n\n\n<div class=\"wp-block-column is-vertically-aligned-center\" style=\"flex-basis:auto\">\n<p>14.1.2023: Tilia cordata<\/p>\n<\/div>\n<\/div>\n\n\n<div class=\"sgdg-gallery-container\" data-sgdg-hash=\"c9ed498fbdce4a4909081af0b718ea3267c6af51b52684670a3b2002034fa126\"><div class=\"sgdg-loading\"><div><\/div><\/div><\/div>\n\n\n<p>Mets\u00e4lehmus on pohjoisin Suomessa luonnonvaraisesti kasvavista jaloista lehtipuista. Se oli aikaisemmin huomattavasti yleisempi mets\u00e4puu, mutta sen kuoresta saatavan niinen keruun sek\u00e4 pellonraivauksen vuoksi se on l\u00e4hes kadonnut luonnosta.<\/p>\n\n\n\n<p>Mets\u00e4lehmuksella on suora ja kuhmuraton runko, mist\u00e4 sen erottaa yleisemmin viljellyst\u00e4 puistolehmuksesta (T. \u00d7 vulgaris).<\/p>\n\n\n\n<p>Turussa mets\u00e4lehmusta kasvaa puistoissa yleisehk\u00f6sti. My\u00f6s Turun lehdoissa esimerkiksi Ruissalossa kasvaa luonnonvaraisia mets\u00e4lehmusmetsik\u00f6it\u00e4.<\/p>\n\n\n\n<p>Alkuper\u00e4: Eurooppa<br>Koko: 20-30m<\/p>","protected":false},"excerpt":{"rendered":"<p>Uudenmaantien varressa, Tuomikujan l\u00e4hettyvill\u00e4 kasvaa useita vanhoja mets\u00e4lehmuksia. Ne lienev\u00e4t istutettu Uudenmaankadun puukujanteen istutuksen yhteydess\u00e4 vuonna 1882. Puut ovat kaikki rinnanymp\u00e4rysmitaltaan kahden ja puolen metrin luokkaa. Paksuimman ollessa 263cm ja korkeudeltaan 20m. Sijainti Tuomikujan etel\u00e4puolella. Mittausp\u00e4iv\u00e4 14.3.2021. L\u00e4hde: 14.1.2023: Tilia cordata<\/p>","protected":false},"author":2,"featured_media":2654,"comment_status":"open","ping_status":"open","sticky":false,"template":"","format":"standard","meta":[],"categories":[243],"tags":[11],"_links":{"self":[{"href":"https:\/\/turunpuut.fi\/en\/wp-json\/wp\/v2\/posts\/2652"}],"collection":[{"href":"https:\/\/turunpuut.fi\/en\/wp-json\/wp\/v2\/posts"}],"about":[{"href":"https:\/\/turunpuut.fi\/en\/wp-json\/wp\/v2\/types\/post"}],"author":[{"embeddable":true,"href":"https:\/\/turunpuut.fi\/en\/wp-json\/wp\/v2\/users\/2"}],"replies":[{"embeddable":true,"href":"https:\/\/turunpuut.fi\/en\/wp-json\/wp\/v2\/comments?post=2652"}],"version-history":[{"count":3,"href":"https:\/\/turunpuut.fi\/en\/wp-json\/wp\/v2\/posts\/2652\/revisions"}],"predecessor-version":[{"id":3716,"href":"https:\/\/turunpuut.fi\/en\/wp-json\/wp\/v2\/posts\/2652\/revisions\/3716"}],"wp:featuredmedia":[{"embeddable":true,"href":"https:\/\/turunpuut.fi\/en\/wp-json\/wp\/v2\/media\/2654"}],"wp:attachment":[{"href":"https:\/\/turunpuut.fi\/en\/wp-json\/wp\/v2\/media?parent=2652"}],"wp:term":[{"taxonomy":"category","embeddable":true,"href":"https:\/\/turunpuut.fi\/en\/wp-json\/wp\/v2\/categories?post=2652"},{"taxonomy":"post_tag","embeddable":true,"href":"https:\/\/turunpuut.fi\/en\/wp-json\/wp\/v2\/tags?post=2652"}],"curies":[{"name":"wp","href":"https:\/\/api.w.org\/{rel}","templated":true}]}}