{"id":2895,"date":"2021-07-18T18:43:11","date_gmt":"2021-07-18T15:43:11","guid":{"rendered":"https:\/\/turunpuut.fi\/?p=2895"},"modified":"2021-07-18T18:44:46","modified_gmt":"2021-07-18T15:44:46","slug":"purppuraomenapuu-eleyi","status":"publish","type":"post","link":"https:\/\/turunpuut.fi\/en\/malus\/malus-eleyi\/2895\/","title":{"rendered":"Purppuraomenapuu &#8217;Eleyi&#8217;"},"content":{"rendered":"<p>Kunnallissairaalantien varrella, Kaskenkadun ja Sep\u00e4nkadun v\u00e4lill\u00e4 kasvaa suuri m\u00e4\u00e4r\u00e4 &#8217;Eleyi&#8217; purppuraomenapuita.<\/p>\n\n\n<div class=\"sgdg-gallery-container\" data-sgdg-hash=\"9c7bdaeb7c556a280b939a783f8772dd7bdbfdfab3d15c767c01fb6aec72c879\"><div class=\"sgdg-loading\"><div><\/div><\/div><\/div>\n\n\n<p>Purppuraomenapuu &#8217;Eleyi&#8217; on risteym\u00e4, jonka \u00e4iti on luontaisesti harvinaisena Keski-Aasiassa kasvava, punakukkainen M. niedzwetzkyana, mutta is\u00e4 on ep\u00e4varma.\u00a0Puun kasvatti Charles Eley Englannissa ennen 1920-lukua, ja silloin is\u00e4ksi kerrottiin kiinanomenapuu (M. spectabilis), mutta my\u00f6hemmin on arveltu, ett\u00e4 is\u00e4 olisi kuitenkin helmiomenapuu eli japaninmarjaomenapuu (M. toringo), tai jokin sen risteym\u00e4.<\/p>\n\n\n\n<p>&#8217;Eleyi&#8217;:n kukat ovat yksinkertaiset, halkaisijaltaan 3-4cm ja v\u00e4rilt\u00e4\u00e4n viinin- tai purppuranpunaiset. Omenat ovat 2-2,5cm halkaisijaltaan ja v\u00e4rilt\u00e4\u00e4n purppuranpunaiset.<\/p>\n\n\n\n<p>Turussa lajiketta kasvaa runsaimmin Kunnallissairaalantien varrella. Lis\u00e4ksi ainakin Puutorilla Yst\u00e4vyyspuistossa kasvaa yksi puu.<\/p>\n\n\n\n<p>Alkuper\u00e4: Englanti<br>Koko: &lt;6m<\/p>\n\n\n\n<h3>References:<\/h3>\n\n\n\n<p>Bean, W. J. 1920: A New Hybrid Crab: Pyrus Eleyi. The Gardeners\u2019 Chronicle, Vol. 68, Lontoo, s. 85.<\/p>\n\n\n\n<p>Sutton, J. &amp; Dunn, N.: Malus Cultivars D-F. Trees&nbsp;and Shrubs&nbsp;Online. treesandshrubsonline.org\/articles\/malus\/malus-cultivars-d-f\/. Viitattu 18.7.2021.<\/p>","protected":false},"excerpt":{"rendered":"<p>Kunnallissairaalantien varrella, Kaskenkadun ja Sep\u00e4nkadun v\u00e4lill\u00e4 kasvaa suuri m\u00e4\u00e4r\u00e4 &#8217;Eleyi&#8217; purppuraomenapuita.<\/p>","protected":false},"author":2,"featured_media":2897,"comment_status":"open","ping_status":"open","sticky":false,"template":"","format":"standard","meta":[],"categories":[252],"tags":[11],"_links":{"self":[{"href":"https:\/\/turunpuut.fi\/en\/wp-json\/wp\/v2\/posts\/2895"}],"collection":[{"href":"https:\/\/turunpuut.fi\/en\/wp-json\/wp\/v2\/posts"}],"about":[{"href":"https:\/\/turunpuut.fi\/en\/wp-json\/wp\/v2\/types\/post"}],"author":[{"embeddable":true,"href":"https:\/\/turunpuut.fi\/en\/wp-json\/wp\/v2\/users\/2"}],"replies":[{"embeddable":true,"href":"https:\/\/turunpuut.fi\/en\/wp-json\/wp\/v2\/comments?post=2895"}],"version-history":[{"count":1,"href":"https:\/\/turunpuut.fi\/en\/wp-json\/wp\/v2\/posts\/2895\/revisions"}],"predecessor-version":[{"id":2896,"href":"https:\/\/turunpuut.fi\/en\/wp-json\/wp\/v2\/posts\/2895\/revisions\/2896"}],"wp:featuredmedia":[{"embeddable":true,"href":"https:\/\/turunpuut.fi\/en\/wp-json\/wp\/v2\/media\/2897"}],"wp:attachment":[{"href":"https:\/\/turunpuut.fi\/en\/wp-json\/wp\/v2\/media?parent=2895"}],"wp:term":[{"taxonomy":"category","embeddable":true,"href":"https:\/\/turunpuut.fi\/en\/wp-json\/wp\/v2\/categories?post=2895"},{"taxonomy":"post_tag","embeddable":true,"href":"https:\/\/turunpuut.fi\/en\/wp-json\/wp\/v2\/tags?post=2895"}],"curies":[{"name":"wp","href":"https:\/\/api.w.org\/{rel}","templated":true}]}}