{"id":3776,"date":"2023-01-22T14:59:07","date_gmt":"2023-01-22T12:59:07","guid":{"rendered":"https:\/\/turunpuut.fi\/?p=3776"},"modified":"2024-01-08T21:27:04","modified_gmt":"2024-01-08T19:27:04","slug":"serbiankuusi-3","status":"publish","type":"post","link":"https:\/\/turunpuut.fi\/en\/picea\/picea-omorika\/3776\/","title":{"rendered":"Serbian spruce"},"content":{"rendered":"<p>Vasaram\u00e4en hautausmaalla kasvaa hieno rivi vanhoja serbiankuusia. Rivist\u00e4 saattaa l\u00f6yty\u00e4 lajin suurimmat puut Turussa.<\/p>\n\n\n\n<p>Suurin puista on rinnanymp\u00e4rysmitaltaan 136cm ja korkeus 22,5m. Mittausp\u00e4iv\u00e4 27.12.2023.<\/p>\n\n\n<div class=\"sgdg-gallery-container\" data-sgdg-hash=\"d95a8f1f7285cb71072dfa52e9ad024b76e4eebdee79a5582960f2b6998a9d5f\"><div class=\"sgdg-loading\"><div><\/div><\/div><\/div>\n\n\n<p>Serbiankuusen voi tunnistaa kaukaa latvuksen pylv\u00e4sm\u00e4isest\u00e4 kapeudesta ja neulasten sinert\u00e4vyydest\u00e4. L\u00e4hemp\u00e4\u00e4 serbiankuusen tunnistaa helposti my\u00f6s litteist\u00e4 neulasista, joiden alapuolella on kaksi valkoista viivaa. Serbiankuusen k\u00e4vyt ovat pienet ja lyhyet.<\/p>\n\n\n\n<p>Serbiankuusi h\u00e4mm\u00e4stytti aikoinaan kasvitieteilij\u00f6it\u00e4, sill\u00e4 se l\u00f6ydettiin vasta vuonna 1875 Serbian ja Bosnian rajaseudun vaikeap\u00e4\u00e4syisilt\u00e4 vuorilta. T\u00e4t\u00e4 ennen ei tunnettu yht\u00e4\u00e4n litte\u00e4neulaksista kuusilajia Euroopasta.<\/p>\n\n\n\n<p>Serbiankuusi on hyvin yleinen puu Turussa. Se on jopa yleisempi kuusilaji puistoissa kuin kotimainen mets\u00e4kuusi.<\/p>\n\n\n\n<p>Alkuper\u00e4: Bosnia, Serbia, Montenegro<br>Koko: 20-30m<\/p>\n\n\n\n<h4>References:<\/h4>\n\n\n\n<p>Mitchell, Alan &#8211; Wilkinson, John 1997: Euroopan puuopas (suom. laitos Kurtto, Arto). Otava, Helsinki. Alkuper\u00e4isjulkaisu 1989.<\/p>","protected":false},"excerpt":{"rendered":"<p>Vasaram\u00e4en hautausmaalla kasvaa hieno rivi vanhoja serbiankuusia. Rivist\u00e4 saattaa l\u00f6yty\u00e4 lajin suurimmat puut Turussa. Suurin puista on rinnanymp\u00e4rysmitaltaan 136cm ja korkeus 22,5m. Mittausp\u00e4iv\u00e4 27.12.2023.<\/p>","protected":false},"author":2,"featured_media":3778,"comment_status":"open","ping_status":"open","sticky":false,"template":"","format":"standard","meta":[],"categories":[121],"tags":[11],"_links":{"self":[{"href":"https:\/\/turunpuut.fi\/en\/wp-json\/wp\/v2\/posts\/3776"}],"collection":[{"href":"https:\/\/turunpuut.fi\/en\/wp-json\/wp\/v2\/posts"}],"about":[{"href":"https:\/\/turunpuut.fi\/en\/wp-json\/wp\/v2\/types\/post"}],"author":[{"embeddable":true,"href":"https:\/\/turunpuut.fi\/en\/wp-json\/wp\/v2\/users\/2"}],"replies":[{"embeddable":true,"href":"https:\/\/turunpuut.fi\/en\/wp-json\/wp\/v2\/comments?post=3776"}],"version-history":[{"count":3,"href":"https:\/\/turunpuut.fi\/en\/wp-json\/wp\/v2\/posts\/3776\/revisions"}],"predecessor-version":[{"id":4011,"href":"https:\/\/turunpuut.fi\/en\/wp-json\/wp\/v2\/posts\/3776\/revisions\/4011"}],"wp:featuredmedia":[{"embeddable":true,"href":"https:\/\/turunpuut.fi\/en\/wp-json\/wp\/v2\/media\/3778"}],"wp:attachment":[{"href":"https:\/\/turunpuut.fi\/en\/wp-json\/wp\/v2\/media?parent=3776"}],"wp:term":[{"taxonomy":"category","embeddable":true,"href":"https:\/\/turunpuut.fi\/en\/wp-json\/wp\/v2\/categories?post=3776"},{"taxonomy":"post_tag","embeddable":true,"href":"https:\/\/turunpuut.fi\/en\/wp-json\/wp\/v2\/tags?post=3776"}],"curies":[{"name":"wp","href":"https:\/\/api.w.org\/{rel}","templated":true}]}}