{"id":709,"date":"2020-05-25T17:18:56","date_gmt":"2020-05-25T14:18:56","guid":{"rendered":"https:\/\/turunpuut.fi\/?p=709"},"modified":"2021-08-23T19:39:18","modified_gmt":"2021-08-23T16:39:18","slug":"vuorijalava","status":"publish","type":"post","link":"https:\/\/turunpuut.fi\/en\/ulmus\/ulmus-glabra\/709\/","title":{"rendered":"Wych elm"},"content":{"rendered":"<p>Aurajokirannan puurivien vanhimmat puut sijaitsevat Linnankadun alkup\u00e4\u00e4ss\u00e4. Siell\u00e4, Linnankatu 1:n kohdalla kasvaa yh\u00e4 kaksi valtavaa vuorijalavaa, jotka ovat istutettu vuonna 1832.<\/p>\n\n\n\n<p>My\u00f6s ainakin Linnankatu 5:ss\u00e4, L\u00f6nnrotin- ja Brahenpuistossa, sek\u00e4 Aurasillan kupeessa kasvaa vuorijalavia, jotka ovat istutettu samoihin aikoihin.<\/p>\n\n\n\n<p>N\u00e4iden mittoja (mittausp\u00e4iv\u00e4 21.3.2021):<br>Linnankatu 5: ymp\u00e4rysmitta 100cm korkeudelta 437cm, korkeus 24m<br>Linnankatu 1: ymp\u00e4rysmitta 100cm korkeudelta 434cm, korkeus 25m<br>Linnankatu 1: rinnanymp\u00e4rysmitta 398cm, korkeus 26m<br>L\u00f6nnrotinpuisto: ymp\u00e4rysmitta 40cm korkeudelta 407cm, korkeus 24m<br>Brahenpuisto: ymp\u00e4rysmitta 30cm korkeudelta 409cm, korkeus 27m<br>Ravintola Tint\u00e5: rinnanymp\u00e4rysmitta 417cm, korkeus 25m<\/p>\n\n\n\n<h4>L\u00e4hde:<\/h4>\n\n\n\n<p>Turun kaupunki: Turun kaupunkipuulinjaus. <a href=\"https:\/\/www.turku.fi\/sites\/default\/files\/atoms\/files\/\/turku_kaupunkipuulinjaus_sahkoinen_esitys_lr.pdf\">https:\/\/www.turku.fi\/sites\/default\/files\/atoms\/files\/\/turku_kaupunkipuulinjaus_sahkoinen_esitys_lr.pdf<\/a>. Viitattu 24.5.2020.<\/p>\n\n\n<div class=\"sgdg-gallery-container\" data-sgdg-hash=\"bd2e17bc066994af952e4e4760963f15217c8f590cf01e0532c217250e39e143\"><div class=\"sgdg-loading\"><div><\/div><\/div><\/div>\n\n\n<p>Linnankatu 5:<\/p>\n\n\n<div class=\"sgdg-gallery-container\" data-sgdg-hash=\"fca2bebe32876228a500e9ea8f9eb1ac6ca8c1fd42c6e20dc1b0097cbe37aee0\"><div class=\"sgdg-loading\"><div><\/div><\/div><\/div>\n\n\n<p>L\u00f6nnrotinpuisto:<\/p>\n\n\n<div class=\"sgdg-gallery-container\" data-sgdg-hash=\"db81657e56186f87e586c1643050e1d49bcd96ed5e2d8679ce9cb5030cf5b947\"><div class=\"sgdg-loading\"><div><\/div><\/div><\/div>\n\n\n<p>Vuorijalava kasvaa laajasti Euroopassa. Suomessa luontaisesti vain harvinaisena ja rauhoitettuna etel\u00e4ss\u00e4. Viimeisimm\u00e4n j\u00e4\u00e4kauden j\u00e4lkeiselle l\u00e4mp\u00f6kaudella (8000-5000 vuotta sitten) se on kasvanut yleisen\u00e4 ainakin Oulun korkeudella asti monien muiden jalopuiden tapaan. Se on kuitenkin harvinaistunut ilmaston viilenemisen, peltojen raivauksen, maaper\u00e4n happamoitumisen ja sienitautien vuoksi.<\/p>\n\n\n\n<p>Viljeltyn\u00e4 vuorijalava on kuitenkin hyvin yleinen puu Suomessa ja erityisesti Turussa. Viljeltyn\u00e4 se levi\u00e4\u00e4 my\u00f6s helposti luontoon Lounais-Suomessa.<\/p>\n\n\n\n<p>Vuorijalavan tunnistaa helpoiten siit\u00e4, ett\u00e4 sen p\u00e4\u00e4oksat osoittavat yleens\u00e4 suoraan kohti taivasta. Sen lehdet ovat karheita ja lehtien sivusuonten k\u00e4rjist\u00e4 monet ovat kaksihaaraisia. Hedelm\u00e4n siipipalle on kalju.<\/p>\n\n\n\n<p>Turussa jokirannassa ja Tuomiokirkon alueen puistoissa kasvaa upeita 1830-40 luvuilla istutettuja vuorijalavia. My\u00f6s katujen ja talojen pihoilta l\u00f6ytyy samanmoisia j\u00e4ttil\u00e4isi\u00e4 siell\u00e4 t\u00e4\u00e4ll\u00e4. Vuorijalavat ovat Turun suurimpia puita tsaarinpoppeleiden ja tammien ohella.<\/p>\n\n\n\n<h4>References:<\/h4>\n\n\n\n<p>Mitchell, Alan &#8211; Wilkinson, John 1997: Euroopan puuopas (suom. laitos Kurtto, Arto). Otava, Helsinki. Alkuper\u00e4isjulkaisu 1989.<\/p>\n\n\n\n<p>Tolonen, Mirjami 1997:&nbsp;Jalavan levinneisyyshistoria ja j\u00e4\u00e4kauden j\u00e4lkeiset ilmaston vaihtelut. Sorbifolia, vol. 28, 1\/1997, s. 17. Dendrologian Seura \u2013 Dendrologiska S\u00e4llskapet r.y., Helsinki.<\/p>","protected":false},"excerpt":{"rendered":"<p>Aurajokirannan puurivien vanhimmat puut sijaitsevat Linnankadun alkup\u00e4\u00e4ss\u00e4. Siell\u00e4, Linnankatu 1:n kohdalla kasvaa yh\u00e4 kaksi valtavaa vuorijalavaa, jotka ovat istutettu vuonna 1832. My\u00f6s ainakin Linnankatu 5:ss\u00e4, L\u00f6nnrotin- ja Brahenpuistossa, sek\u00e4 Aurasillan kupeessa kasvaa vuorijalavia, jotka ovat istutettu samoihin aikoihin. N\u00e4iden mittoja (mittausp\u00e4iv\u00e4 21.3.2021):Linnankatu 5: ymp\u00e4rysmitta 100cm korkeudelta 437cm, korkeus 24mLinnankatu 1: ymp\u00e4rysmitta 100cm korkeudelta 434cm, korkeus &hellip; <a href=\"https:\/\/turunpuut.fi\/en\/ulmus\/ulmus-glabra\/709\/\" class=\"more-link\">Continue reading <span class=\"screen-reader-text\">Wych elm<\/span> <span class=\"meta-nav\">&rarr;<\/span><\/a><\/p>","protected":false},"author":2,"featured_media":712,"comment_status":"open","ping_status":"open","sticky":false,"template":"","format":"standard","meta":[],"categories":[188],"tags":[11],"_links":{"self":[{"href":"https:\/\/turunpuut.fi\/en\/wp-json\/wp\/v2\/posts\/709"}],"collection":[{"href":"https:\/\/turunpuut.fi\/en\/wp-json\/wp\/v2\/posts"}],"about":[{"href":"https:\/\/turunpuut.fi\/en\/wp-json\/wp\/v2\/types\/post"}],"author":[{"embeddable":true,"href":"https:\/\/turunpuut.fi\/en\/wp-json\/wp\/v2\/users\/2"}],"replies":[{"embeddable":true,"href":"https:\/\/turunpuut.fi\/en\/wp-json\/wp\/v2\/comments?post=709"}],"version-history":[{"count":7,"href":"https:\/\/turunpuut.fi\/en\/wp-json\/wp\/v2\/posts\/709\/revisions"}],"predecessor-version":[{"id":3051,"href":"https:\/\/turunpuut.fi\/en\/wp-json\/wp\/v2\/posts\/709\/revisions\/3051"}],"wp:featuredmedia":[{"embeddable":true,"href":"https:\/\/turunpuut.fi\/en\/wp-json\/wp\/v2\/media\/712"}],"wp:attachment":[{"href":"https:\/\/turunpuut.fi\/en\/wp-json\/wp\/v2\/media?parent=709"}],"wp:term":[{"taxonomy":"category","embeddable":true,"href":"https:\/\/turunpuut.fi\/en\/wp-json\/wp\/v2\/categories?post=709"},{"taxonomy":"post_tag","embeddable":true,"href":"https:\/\/turunpuut.fi\/en\/wp-json\/wp\/v2\/tags?post=709"}],"curies":[{"name":"wp","href":"https:\/\/api.w.org\/{rel}","templated":true}]}}